{"id":11967,"date":"2025-07-22T11:33:41","date_gmt":"2025-07-22T09:33:41","guid":{"rendered":"https:\/\/waardevolding.nl\/?p=11967"},"modified":"2025-07-22T11:34:26","modified_gmt":"2025-07-22T09:34:26","slug":"hermes-birkin-tas-veiling-2025-nieuwe-recordprijs-en-toekomst-van-luxe-tassen","status":"publish","type":"post","link":"https:\/\/waardevolding.nl\/en\/hermes-birkin-tas-veiling-2025-nieuwe-recordprijs-en-toekomst-van-luxe-tassen\/","title":{"rendered":"Herm\u00e8s Birkin Bag Auction 2025: New Record Price and the Future of Luxury Bags"},"content":{"rendered":"\t\t<div data-elementor-type=\"wp-post\" data-elementor-id=\"11967\" class=\"elementor elementor-11967\" data-elementor-post-type=\"post\">\n\t\t\t\t<div class=\"elementor-element elementor-element-868ee7a e-flex e-con-boxed e-con e-parent\" data-id=\"868ee7a\" data-element_type=\"container\" data-e-type=\"container\">\n\t\t\t\t\t<div class=\"e-con-inner\">\n\t\t\t\t<div class=\"elementor-element elementor-element-dc337dd elementor-widget elementor-widget-heading\" data-id=\"dc337dd\" data-element_type=\"widget\" data-e-type=\"widget\" data-widget_type=\"heading.default\">\n\t\t\t\t<div class=\"elementor-widget-container\">\n\t\t\t\t\t<h2 class=\"elementor-heading-title elementor-size-default\">Een Legende vindt een Nieuwe Eigenaar<\/h2>\t\t\t\t<\/div>\n\t\t\t\t<\/div>\n\t\t\t\t\t<\/div>\n\t\t\t\t<\/div>\n\t\t<div class=\"elementor-element elementor-element-54eba9a e-flex e-con-boxed e-con e-parent\" data-id=\"54eba9a\" data-element_type=\"container\" data-e-type=\"container\">\n\t\t\t\t\t<div class=\"e-con-inner\">\n\t\t\t\t<div class=\"elementor-element elementor-element-c8c3f92 elementor-widget elementor-widget-text-editor\" data-id=\"c8c3f92\" data-element_type=\"widget\" data-e-type=\"widget\" data-widget_type=\"text-editor.default\">\n\t\t\t\t<div class=\"elementor-widget-container\">\n\t\t\t\t\t\t\t\t\t<p>Op 10 juli 2025 werd in Parijs bij <em>Sotheby\u2019s<\/em> de allereerste Birkin\u2011tas, in 1984 op maat gemaakt voor Jane Birkin, geveild. Na een intense biedstrijd van tien minuten werd de tas verkocht aan een Japanse priv\u00e9verzamelaar voor \u20ac7\u202fmiljoen (ca. $10,1\u202fmiljoen incl. kosten). Daarmee werd het de duurste handtas ooit geveild\u2014en zelfs de op \u00e9\u00e9n na duurste modeaccessoire ooit, enkel overtroffen door Dorothy&#8217;s legendarische <em>ruby slippers<\/em> uit <em>The Wizard of Oz<\/em>.<\/p>\t\t\t\t\t\t\t\t<\/div>\n\t\t\t\t<\/div>\n\t\t\t\t<div class=\"elementor-element elementor-element-c795b64 elementor-widget elementor-widget-image\" data-id=\"c795b64\" data-element_type=\"widget\" data-e-type=\"widget\" data-widget_type=\"image.default\">\n\t\t\t\t<div class=\"elementor-widget-container\">\n\t\t\t\t\t\t\t\t\t\t\t\t\t\t\t<img fetchpriority=\"high\" decoding=\"async\" width=\"612\" height=\"768\" src=\"https:\/\/waardevolding.nl\/wp-content\/uploads\/2025\/07\/Ontwerp-zonder-titel.png\" class=\"attachment-full size-full wp-image-11974\" alt=\"Waardevol d&#039;Ing | taxatie | advies | tassenrestauratie | tassenreparatie | vintage | blog | Herm\u00e8s | Birkin tas veiling |designertassen | investering\" srcset=\"https:\/\/waardevolding.nl\/wp-content\/uploads\/2025\/07\/Ontwerp-zonder-titel.png 612w, https:\/\/waardevolding.nl\/wp-content\/uploads\/2025\/07\/Ontwerp-zonder-titel-239x300.png 239w, https:\/\/waardevolding.nl\/wp-content\/uploads\/2025\/07\/Ontwerp-zonder-titel-10x12.png 10w\" sizes=\"(max-width: 612px) 100vw, 612px\" \/>\t\t\t\t\t\t\t\t\t\t\t\t\t\t\t<\/div>\n\t\t\t\t<\/div>\n\t\t\t\t<div class=\"elementor-element elementor-element-9c5210e elementor-widget elementor-widget-text-editor\" data-id=\"9c5210e\" data-element_type=\"widget\" data-e-type=\"widget\" data-widget_type=\"text-editor.default\">\n\t\t\t\t<div class=\"elementor-widget-container\">\n\t\t\t\t\t\t\t\t\t<p><span style=\"font-size: 12px;\">AI gegenereerde artist impression van Jane Birkin en een Herm\u00e8s Birkin tas.<\/span><\/p>\t\t\t\t\t\t\t\t<\/div>\n\t\t\t\t<\/div>\n\t\t\t\t<div class=\"elementor-element elementor-element-afb4826 elementor-widget elementor-widget-heading\" data-id=\"afb4826\" data-element_type=\"widget\" data-e-type=\"widget\" data-widget_type=\"heading.default\">\n\t\t\t\t<div class=\"elementor-widget-container\">\n\t\t\t\t\t<h2 class=\"elementor-heading-title elementor-size-default\">Waarom is Juist deze Tas zo Bijzonder?<\/h2>\t\t\t\t<\/div>\n\t\t\t\t<\/div>\n\t\t\t\t\t<\/div>\n\t\t\t\t<\/div>\n\t\t<div class=\"elementor-element elementor-element-f92026f e-flex e-con-boxed e-con e-parent\" data-id=\"f92026f\" data-element_type=\"container\" data-e-type=\"container\">\n\t\t\t\t\t<div class=\"e-con-inner\">\n\t\t\t\t<div class=\"elementor-element elementor-element-03c730a elementor-widget elementor-widget-text-editor\" data-id=\"03c730a\" data-element_type=\"widget\" data-e-type=\"widget\" data-widget_type=\"text-editor.default\">\n\t\t\t\t<div class=\"elementor-widget-container\">\n\t\t\t\t\t\t\t\t\t<p>In 1983 zat actrice en zangeres Jane Birkin naast Herm\u00e8s\u2011directeur Jean\u2011Louis Dumas in het vliegtuig. Birkin klaagde over het gebrek aan ruimte in de Kelly bag, een ander iconisch ontwerp van Herm\u00e8s vernoemd naar Grace Kelly. Birkin was recent moeder geworden en ze had eigenlijk een mooie luiertas nodig. Dumas tekende ter plekke een nieuw ontwerp op een kotszakje. Het nieuwe ontwerp werd voor het eerst in \u201984 geproduceerd onder de naam Birkin bag. De custom bag voor Birkin heeft kenmerken die latere Birkins niet hebben zoals een vaste schouderriem, messing beslag, later vervangen door vergulde ringen, sluitingen en studs op de bodem. Bovendien heeft de tas Birkin&#8217;s initialen \u2018JB\u2019 op de klep. Jane Birkin gebruikte de tas dagelijks jarenlang. Ze gaf haar eigen draai aan de tas door er stickers van goede doelen op te plakken. In 1994 schonk ze de tas aan een liefdadigheidsveiling voor AIDS, waarna hij in 2000 voor het eerst werd verkocht. Sindsdien verbleef deze eerste Birkin in priv\u00e9collecties. De geschiedenis, het verhaal en het muzikale- en filmerfgoed van Birkin geven de tas de status van \u201cde Mona Lisa onder de handtassen\u201d.<\/p>\t\t\t\t\t\t\t\t<\/div>\n\t\t\t\t<\/div>\n\t\t\t\t<div class=\"elementor-element elementor-element-40e1c97 elementor-widget elementor-widget-image\" data-id=\"40e1c97\" data-element_type=\"widget\" data-e-type=\"widget\" data-widget_type=\"image.default\">\n\t\t\t\t<div class=\"elementor-widget-container\">\n\t\t\t\t\t\t\t\t\t\t\t\t\t\t\t<img decoding=\"async\" src=\"https:\/\/waardevolding.nl\/wp-content\/uploads\/elementor\/thumbs\/905240d7-3f92-4588-9ae0-56d6fc67b0b5-r9332am78i6incngwd4ypnkzznmbnwiqcvpyd3dzco.png\" title=\"Waardevol d&#8217;Ing | taxatie | advies | tassenrestauratie | tassenreparatie | vintage | blog | Herm\u00e8s | Birkin tas veiling |designertassen | investering\" alt=\"Waardevol d&#039;Ing | taxatie | advies | tassenrestauratie | tassenreparatie | vintage | blog | Herm\u00e8s | Birkin tas veiling |designertassen | investering\" loading=\"lazy\" \/>\t\t\t\t\t\t\t\t\t\t\t\t\t\t\t<\/div>\n\t\t\t\t<\/div>\n\t\t\t\t\t<\/div>\n\t\t\t\t<\/div>\n\t\t<div class=\"elementor-element elementor-element-7d2c5f0 e-flex e-con-boxed e-con e-parent\" data-id=\"7d2c5f0\" data-element_type=\"container\" data-e-type=\"container\">\n\t\t\t\t\t<div class=\"e-con-inner\">\n\t\t\t\t<div class=\"elementor-element elementor-element-1b676e9 elementor-widget elementor-widget-spacer\" data-id=\"1b676e9\" data-element_type=\"widget\" data-e-type=\"widget\" data-widget_type=\"spacer.default\">\n\t\t\t\t<div class=\"elementor-widget-container\">\n\t\t\t\t\t\t\t<div class=\"elementor-spacer\">\n\t\t\t<div class=\"elementor-spacer-inner\"><\/div>\n\t\t<\/div>\n\t\t\t\t\t\t<\/div>\n\t\t\t\t<\/div>\n\t\t\t\t<div class=\"elementor-element elementor-element-584d69f elementor-widget elementor-widget-heading\" data-id=\"584d69f\" data-element_type=\"widget\" data-e-type=\"widget\" data-widget_type=\"heading.default\">\n\t\t\t\t<div class=\"elementor-widget-container\">\n\t\t\t\t\t<h2 class=\"elementor-heading-title elementor-size-default\">Historisch Perspectief van Designertassen op Veilingen<\/h2>\t\t\t\t<\/div>\n\t\t\t\t<\/div>\n\t\t\t\t\t<\/div>\n\t\t\t\t<\/div>\n\t\t<div class=\"elementor-element elementor-element-1eeec3d e-flex e-con-boxed e-con e-parent\" data-id=\"1eeec3d\" data-element_type=\"container\" data-e-type=\"container\">\n\t\t\t\t\t<div class=\"e-con-inner\">\n\t\t\t\t<div class=\"elementor-element elementor-element-825bbfd elementor-widget elementor-widget-text-editor\" data-id=\"825bbfd\" data-element_type=\"widget\" data-e-type=\"widget\" data-widget_type=\"text-editor.default\">\n\t\t\t\t<div class=\"elementor-widget-container\">\n\t\t\t\t\t\t\t\t\t<p>In de afgelopen jaren zijn de veilingprijzen voor designertassen flink gestegen. Alle records zijn echter in handen van Herm\u00e8s. V\u00f3\u00f3r de veiling van 10 juli 2025 was het wereldrecord voor een handtas in handen van een Himalaya\u2011crocodile Kelly\u2011tas met diamant\u2011hardware. Deze tas werd in 2021 verkocht voor het destijds al astronomische bedrag van $ 513.040. Birkins werden eerder ook al voor tonnen geveild, bijvoorbeeld de Neige (Snow) White Matte Alligator Limited Edition Birkin 20 Faubourg Sellier Bag die voor bijna $ 350.000 van eigenaar verwisselde.<\/p>\t\t\t\t\t\t\t\t<\/div>\n\t\t\t\t<\/div>\n\t\t\t\t<div class=\"elementor-element elementor-element-f858902 elementor-widget elementor-widget-spacer\" data-id=\"f858902\" data-element_type=\"widget\" data-e-type=\"widget\" data-widget_type=\"spacer.default\">\n\t\t\t\t<div class=\"elementor-widget-container\">\n\t\t\t\t\t\t\t<div class=\"elementor-spacer\">\n\t\t\t<div class=\"elementor-spacer-inner\"><\/div>\n\t\t<\/div>\n\t\t\t\t\t\t<\/div>\n\t\t\t\t<\/div>\n\t\t\t\t<div class=\"elementor-element elementor-element-f0debf0 elementor-widget elementor-widget-heading\" data-id=\"f0debf0\" data-element_type=\"widget\" data-e-type=\"widget\" data-widget_type=\"heading.default\">\n\t\t\t\t<div class=\"elementor-widget-container\">\n\t\t\t\t\t<h2 class=\"elementor-heading-title elementor-size-default\">Wat Betekent deze Veiling voor de Toekomst van Designertassen?<\/h2>\t\t\t\t<\/div>\n\t\t\t\t<\/div>\n\t\t\t\t\t<\/div>\n\t\t\t\t<\/div>\n\t\t<div class=\"elementor-element elementor-element-165a5c3 e-flex e-con-boxed e-con e-parent\" data-id=\"165a5c3\" data-element_type=\"container\" data-e-type=\"container\">\n\t\t\t\t\t<div class=\"e-con-inner\">\n\t\t\t\t<div class=\"elementor-element elementor-element-6c5e96a elementor-widget elementor-widget-text-editor\" data-id=\"6c5e96a\" data-element_type=\"widget\" data-e-type=\"widget\" data-widget_type=\"text-editor.default\">\n\t\t\t\t<div class=\"elementor-widget-container\">\n\t\t\t\t\t\t\t\t\t<p>Designertassen zijn al langere tijd geliefd als investeringsobjecten. De laatste jaren was het rendement op Herm\u00e8s tassen al hoger dan andere het rendement op kunst, vastgoed en horloges. De ongelooflijke opbrengst van de Birkin veiling van 10 juli bevestigt de aantrekkingskracht van zeldzame, historisch en cultureel beladen items als investeringsobject. Birkins hebben een historisch rendement van gemiddeld 14% per jaar laten zien.<\/p>\t\t\t\t\t\t\t\t<\/div>\n\t\t\t\t<\/div>\n\t\t\t\t\t<\/div>\n\t\t\t\t<\/div>\n\t\t<div class=\"elementor-element elementor-element-6a01e9e e-flex e-con-boxed e-con e-parent\" data-id=\"6a01e9e\" data-element_type=\"container\" data-e-type=\"container\">\n\t\t\t\t\t<div class=\"e-con-inner\">\n\t\t\t\t<div class=\"elementor-element elementor-element-d7e0bdb elementor-widget elementor-widget-text-editor\" data-id=\"d7e0bdb\" data-element_type=\"widget\" data-e-type=\"widget\" data-widget_type=\"text-editor.default\">\n\t\t\t\t<div class=\"elementor-widget-container\">\n\t\t\t\t\t\t\t\t\t<p>De verkoop van de originele Jane Birkin tas laat zien dat kopers meer dan ooit waarde hechten aan de achtergrond, de zogenaamde provenance, van een designertas. Tassen die gedragen zijn door beroemdheden of gebruikt zijn in iconische momenten zullen de komende jaren fors in waarde stijgen. Gebruikssporen zijn daarbij geen enkel probleem: in tegendeel zelfs. Sporen van gebruik voegen waarde toe aan het object. Dat mag opvallend genoemd worden aangezien tassen die als investeringsobject worden aangekocht juist in waarde achteruit gaan wanneer er beschadigingen op zitten.\u00a0 Dat de koper van de JB-tas uit Japan komt is ook geen verrassing. In de onlinecursus over het herkennen van designertassen, die ik eind 2022 volgde bij Sotheby\u2019s Hong Kong, was driekwart van de deelnemers afkomstig uit Azi\u00eb-Pacific. Nieuwe veilinghuizen richten zich zelfs specifiek op de Chinese en Japanse markt.<\/p>\t\t\t\t\t\t\t\t<\/div>\n\t\t\t\t<\/div>\n\t\t\t\t\t<\/div>\n\t\t\t\t<\/div>\n\t\t<div class=\"elementor-element elementor-element-875f09b e-flex e-con-boxed e-con e-parent\" data-id=\"875f09b\" data-element_type=\"container\" data-e-type=\"container\">\n\t\t\t\t\t<div class=\"e-con-inner\">\n\t\t\t\t<div class=\"elementor-element elementor-element-614611d elementor-widget elementor-widget-text-editor\" data-id=\"614611d\" data-element_type=\"widget\" data-e-type=\"widget\" data-widget_type=\"text-editor.default\">\n\t\t\t\t<div class=\"elementor-widget-container\">\n\t\t\t\t\t\t\t\t\t<p>De verkoop van de eerste Birkin\u2011tas voor \u20ac7\u202fmiljoenbevestigt dat modeaccessoires zijn ge\u00ebvolueerd van statussymbolen tot museumwaardige objecten. Deze veiling zet een nieuwe standaard voor toekomstige designertassen, versterkt door hun zeldzaamheid, provenance en culturele betekenis. Verwacht wordt dat historische stukken steeds vaker de hoofdrol zullen spelen bij veilingen, met grote opbrengsten als gevolg.<\/p>\t\t\t\t\t\t\t\t<\/div>\n\t\t\t\t<\/div>\n\t\t\t\t\t<\/div>\n\t\t\t\t<\/div>\n\t\t<div class=\"elementor-element elementor-element-35b2fce e-flex e-con-boxed e-con e-parent\" data-id=\"35b2fce\" data-element_type=\"container\" data-e-type=\"container\">\n\t\t\t\t\t<div class=\"e-con-inner\">\n\t\t\t\t<div class=\"elementor-element elementor-element-dabd929 elementor-widget elementor-widget-image\" data-id=\"dabd929\" data-element_type=\"widget\" data-e-type=\"widget\" data-widget_type=\"image.default\">\n\t\t\t\t<div class=\"elementor-widget-container\">\n\t\t\t\t\t\t\t\t\t\t\t\t\t\t\t<img decoding=\"async\" width=\"768\" height=\"576\" src=\"https:\/\/waardevolding.nl\/wp-content\/uploads\/2025\/07\/Purple-Modern-Line-Chart-Diagram-Graph.png\" class=\"attachment-large size-large wp-image-11997\" alt=\"Waardevol d&#039;Ing | taxatie | advies | tassenrestauratie | tassenreparatie | vintage | blog | Herm\u00e8s | Birkin tas veiling |designertassen | investering\" srcset=\"https:\/\/waardevolding.nl\/wp-content\/uploads\/2025\/07\/Purple-Modern-Line-Chart-Diagram-Graph.png 768w, https:\/\/waardevolding.nl\/wp-content\/uploads\/2025\/07\/Purple-Modern-Line-Chart-Diagram-Graph-300x225.png 300w, https:\/\/waardevolding.nl\/wp-content\/uploads\/2025\/07\/Purple-Modern-Line-Chart-Diagram-Graph-16x12.png 16w\" sizes=\"(max-width: 768px) 100vw, 768px\" \/>\t\t\t\t\t\t\t\t\t\t\t\t\t\t\t<\/div>\n\t\t\t\t<\/div>\n\t\t\t\t\t<\/div>\n\t\t\t\t<\/div>\n\t\t<div class=\"elementor-element elementor-element-6ad1dae e-flex e-con-boxed e-con e-parent\" data-id=\"6ad1dae\" data-element_type=\"container\" data-e-type=\"container\">\n\t\t\t\t\t<div class=\"e-con-inner\">\n\t\t\t\t<div class=\"elementor-element elementor-element-034d959 elementor-widget elementor-widget-text-editor\" data-id=\"034d959\" data-element_type=\"widget\" data-e-type=\"widget\" data-widget_type=\"text-editor.default\">\n\t\t\t\t<div class=\"elementor-widget-container\">\n\t\t\t\t\t\t\t\t\t<p><span style=\"font-size: 12px;\">Overzicht van recordprijzen voor geveilde designer tassen tussen 2005 en 2025. Herm\u00e8s springt eruit met een spectaculaire veiling van \u20ac7.000.000 in 2025, gevolgd door Louis Vuitton en Chanel met pieken rond respectievelijk \u20ac1.000.000 en \u20ac300.000.<\/span><\/p>\t\t\t\t\t\t\t\t<\/div>\n\t\t\t\t<\/div>\n\t\t\t\t<div class=\"elementor-element elementor-element-ce072f0 elementor-widget elementor-widget-spacer\" data-id=\"ce072f0\" data-element_type=\"widget\" data-e-type=\"widget\" data-widget_type=\"spacer.default\">\n\t\t\t\t<div class=\"elementor-widget-container\">\n\t\t\t\t\t\t\t<div class=\"elementor-spacer\">\n\t\t\t<div class=\"elementor-spacer-inner\"><\/div>\n\t\t<\/div>\n\t\t\t\t\t\t<\/div>\n\t\t\t\t<\/div>\n\t\t\t\t<div class=\"elementor-element elementor-element-1c8b76d elementor-widget elementor-widget-heading\" data-id=\"1c8b76d\" data-element_type=\"widget\" data-e-type=\"widget\" data-widget_type=\"heading.default\">\n\t\t\t\t<div class=\"elementor-widget-container\">\n\t\t\t\t\t<h2 class=\"elementor-heading-title elementor-size-default\">Wat Kunnen We in de Toekomst Verwachten van Designertassen op Veilingen?<\/h2>\t\t\t\t<\/div>\n\t\t\t\t<\/div>\n\t\t\t\t\t<\/div>\n\t\t\t\t<\/div>\n\t\t<div class=\"elementor-element elementor-element-1b909c6 e-flex e-con-boxed e-con e-parent\" data-id=\"1b909c6\" data-element_type=\"container\" data-e-type=\"container\">\n\t\t\t\t\t<div class=\"e-con-inner\">\n\t\t\t\t<div class=\"elementor-element elementor-element-9a253ba elementor-widget elementor-widget-text-editor\" data-id=\"9a253ba\" data-element_type=\"widget\" data-e-type=\"widget\" data-widget_type=\"text-editor.default\">\n\t\t\t\t<div class=\"elementor-widget-container\">\n\t\t\t\t\t\t\t\t\t<ol><li><p><strong><span style=\"font-size: 15px;\">Sterke prijsstijging voor tassen met bewezen provenance. <\/span><\/strong><\/p><p>Tassen die gedragen zijn door beroemdheden (zoals Jane Birkin, Princess Diana, Rihanna) of gebruikt zijn in iconische momenten zullen de komende jaren fors in waarde stijgen. In de periode 2025\u20132027 kunnen zeldzame tassen met celebrity-verleden al 15 tot 25% meer waard worden.<\/p><\/li><li><strong>Azi\u00eb-Pacific blijft koploper in vraag en prijzen.\u00a0 <\/strong>\u00a0 \u00a0 \u00a0 \u00a0 \u00a0 \u00a0 \u00a0 \u00a0 \u00a0 \u00a0 \u00a0 \u00a0 \u00a0 \u00a0 \u00a0 \u00a0 \u00a0 \u00a0 \u00a0 \u00a0 \u00a0 \u00a0 \u00a0 \u00a0 \u00a0 \u00a0 \u00a0 \u00a0 \u00a0 \u00a0 \u00a0 \u00a0 \u00a0 \u00a0 \u00a0 \u00a0 \u00a0 \u00a0 \u00a0 \u00a0 \u00a0 \u00a0 \u00a0 \u00a0 \u00a0 \u00a0 \u00a0 \u00a0 \u00a0 \u00a0 \u00a0 \u00a0 \u00a0 \u00a0 \u00a0 \u00a0 \u00a0 \u00a0 \u00a0 \u00a0 \u00a0 \u00a0 \u00a0 \u00a0 \u00a0 \u00a0 \u00a0 \u00a0 \u00a0 \u00a0 \u00a0 \u00a0 \u00a0 \u00a0 \u00a0 \u00a0 \u00a0 \u00a0 \u00a0 \u00a0Japan, Zuid-Korea, Singapore en vooral China investeren fors in luxe verzamelobjecten. Steeds meer priv\u00e9verzamelaars en familiebedrijven kopen via veilingen. Nieuwe veilinghuizen richten zich specifiek op de Chinese en Japanse markt.<\/li><li><strong>Tassen worden erkend als investeringsklasse.<\/strong><p>Net als kunst, horloges en sneakers, worden high-end tassen (vooral Herm\u00e8s, Chanel en Dior) geclassificeerd als alternatieve belegging. Kenners voorspellen dat in de komende vijf jaren steeds meer &#8220;bag funds&#8221;, investeringsfondsen voor vintage tassen, gerealiseerd zullen worden. Steeds meer veilinghuizen publiceren rapporten over de \u201creturn on handbag investment\u201d. Bovendien zullen financi\u00eble instellingen in toenemende mate verzekeringen en taxaties voor tassen gaan aanbieden.<\/p><\/li><li><p><strong>Digitalisering en NFT-koppelingen aan fysieke tassen.<\/strong><\/p><p>Luxehuizen en veilingplatforms gaan blockchain gebruiken om authenticiteit en eigendom te waarborgen. De prognose is dat in 2026 meer dan 50% van de geveilde high-end tassen <a href=\"https:\/\/jarnoduursma.nl\/blog\/wat-is-nft\/\">digitale eigendomscertificaten zoals NFT\u2019s<\/a>, QR-codes of blockchain-ID\u2019s zal bevatten. Sotheby\u2019s maakt hier al gebruik van, andere platforms zullen zeker volgen.<\/p><\/li><li><strong><strong>Toename thematische veilingen en meer focus op popcultuur.<\/strong><\/strong><p>Verzamelingen rondom modemerken, filmfiguren of muzikale iconen worden gecureerd als \u2018collectibles\u2019. Het Britse veilinghuis Kerry Taylor, dat gespecialiseerd is in veilingen op gebied van historische kostuums en haute couture, organiseert al enkel jaren veilingen rondom de priv\u00e9verzamelingen van \u2018the rich and famous\u2019 zoals Karl Lagerfeld en onlangs nog van Amerikaanse actrice en model Peggy Moffitt. In de komende jaren kunnen we veilingen verwachten in de trant van \u201cTassen van de sterren van de jaren 2000\u201d of \u201cTassen uit Sex and the City (SATC)\u201d. De prijzen van iconische tassen als de Fendi Baguette uit SATC of de Lady Dior van Diana stijgen naar \u20ac 500.000 of meer.<\/p><\/li><li><strong><strong>Klimaatthema en behoefte aan duurzaamheid maken vintage tassen n\u00f3g populairder.<\/strong><\/strong><p>Consumenten kopen steeds bewuster en verkiezen <a href=\"https:\/\/waardevolding.nl\/shop\/\">pre-loved<\/a> of vintage boven nieuw. Herm\u00e8s en Chanel zijn hierbij \u2018safe bets\u2019 waarbij de vraag naar vintage Herm\u00e8s tassen van v\u00f3\u00f3r 2000 met 20% in waarde zullen stijgen. Ook de prijzen van moderne, maar de zogenoemde duurzame collecties zoals die van \u00a0Stella McCartney x Gucci zullen in waarde toenemen.<\/p><\/li><\/ol>\t\t\t\t\t\t\t\t<\/div>\n\t\t\t\t<\/div>\n\t\t\t\t\t<\/div>\n\t\t\t\t<\/div>\n\t\t<div class=\"elementor-element elementor-element-1cd83f5 e-flex e-con-boxed e-con e-parent\" data-id=\"1cd83f5\" data-element_type=\"container\" data-e-type=\"container\">\n\t\t\t\t\t<div class=\"e-con-inner\">\n\t\t\t\t<div class=\"elementor-element elementor-element-ee50631 elementor-widget elementor-widget-image\" data-id=\"ee50631\" data-element_type=\"widget\" data-e-type=\"widget\" data-widget_type=\"image.default\">\n\t\t\t\t<div class=\"elementor-widget-container\">\n\t\t\t\t\t\t\t\t\t\t\t\t\t\t\t<img decoding=\"async\" width=\"1024\" height=\"376\" src=\"https:\/\/waardevolding.nl\/wp-content\/uploads\/2025\/07\/blog-fotos-1024x376.png\" class=\"attachment-large size-large wp-image-11999\" alt=\"Waardevol d&#039;Ing | taxatie | advies | tassenrestauratie | tassenreparatie | vintage | blog | Herm\u00e8s | Birkin tas veiling |designertassen | investering\" srcset=\"https:\/\/waardevolding.nl\/wp-content\/uploads\/2025\/07\/blog-fotos-1024x376.png 1024w, https:\/\/waardevolding.nl\/wp-content\/uploads\/2025\/07\/blog-fotos-300x110.png 300w, https:\/\/waardevolding.nl\/wp-content\/uploads\/2025\/07\/blog-fotos-768x282.png 768w, https:\/\/waardevolding.nl\/wp-content\/uploads\/2025\/07\/blog-fotos-18x7.png 18w, https:\/\/waardevolding.nl\/wp-content\/uploads\/2025\/07\/blog-fotos.png 1170w\" sizes=\"(max-width: 1024px) 100vw, 1024px\" \/>\t\t\t\t\t\t\t\t\t\t\t\t\t\t\t<\/div>\n\t\t\t\t<\/div>\n\t\t\t\t<div class=\"elementor-element elementor-element-9ceea9a elementor-widget elementor-widget-text-editor\" data-id=\"9ceea9a\" data-element_type=\"widget\" data-e-type=\"widget\" data-widget_type=\"text-editor.default\">\n\t\t\t\t<div class=\"elementor-widget-container\">\n\t\t\t\t\t\t\t\t\t<p><span style=\"font-size: 12px;\">Ai gegenereerde mockup van Amerikaanse celebrities en hun Birkin tassen<\/span><\/p>\t\t\t\t\t\t\t\t<\/div>\n\t\t\t\t<\/div>\n\t\t\t\t<div class=\"elementor-element elementor-element-9a2c4e7 elementor-widget elementor-widget-heading\" data-id=\"9a2c4e7\" data-element_type=\"widget\" data-e-type=\"widget\" data-widget_type=\"heading.default\">\n\t\t\t\t<div class=\"elementor-widget-container\">\n\t\t\t\t\t<h2 class=\"elementor-heading-title elementor-size-default\">Tot Slot: wat Betekent dit voor Verzamelaars en Investeerders?<\/h2>\t\t\t\t<\/div>\n\t\t\t\t<\/div>\n\t\t\t\t\t<\/div>\n\t\t\t\t<\/div>\n\t\t<div class=\"elementor-element elementor-element-d395d52 e-flex e-con-boxed e-con e-parent\" data-id=\"d395d52\" data-element_type=\"container\" data-e-type=\"container\">\n\t\t\t\t\t<div class=\"e-con-inner\">\n\t\t\t\t<div class=\"elementor-element elementor-element-7253811 elementor-widget elementor-widget-text-editor\" data-id=\"7253811\" data-element_type=\"widget\" data-e-type=\"widget\" data-widget_type=\"text-editor.default\">\n\t\t\t\t<div class=\"elementor-widget-container\">\n\t\t\t\t\t\t\t\t\t<p>Kwaliteit wint van kwantiteit: Een enkele tas met geschiedenis zal waardevoller zijn dan tien standaardmodellen.<\/p><p>Early movers advantage: Wie nu investeert in nichemodellen (zoals limited edition Birkins, Karl Lagerfeld&#8217;s persoonlijke Chanel-prototypes of eerste edities van Virgil Abloh voor Louis Vuitton) zit goed.<\/p><p>Veilingen worden globaler en emotioneler: Kopers willen niet alleen een object, maar een verhaal, een icoon, een stukje cultuur.<\/p>\t\t\t\t\t\t\t\t<\/div>\n\t\t\t\t<\/div>\n\t\t\t\t\t<\/div>\n\t\t\t\t<\/div>\n\t\t<div class=\"elementor-element elementor-element-9165f60 e-grid e-con-boxed e-con e-parent\" data-id=\"9165f60\" data-element_type=\"container\" data-e-type=\"container\">\n\t\t\t\t\t<div class=\"e-con-inner\">\n\t\t\t\t<div class=\"elementor-element elementor-element-8802b6a elementor-widget elementor-widget-image\" data-id=\"8802b6a\" data-element_type=\"widget\" data-e-type=\"widget\" data-widget_type=\"image.default\">\n\t\t\t\t<div class=\"elementor-widget-container\">\n\t\t\t\t\t\t\t\t\t\t\t\t\t\t\t<img loading=\"lazy\" decoding=\"async\" width=\"620\" height=\"620\" src=\"https:\/\/waardevolding.nl\/wp-content\/uploads\/2025\/07\/Productfotos-uitgelichte-foto-620x620-101-200-nieuw.png\" class=\"attachment-large size-large wp-image-12000\" alt=\"Waardevol d&#039;Ing | taxatie | advies | tassenrestauratie | tassenreparatie | vintage | blog | Herm\u00e8s | Birkin tas veiling |designertassen | investering\" srcset=\"https:\/\/waardevolding.nl\/wp-content\/uploads\/2025\/07\/Productfotos-uitgelichte-foto-620x620-101-200-nieuw.png 620w, https:\/\/waardevolding.nl\/wp-content\/uploads\/2025\/07\/Productfotos-uitgelichte-foto-620x620-101-200-nieuw-300x300.png 300w, https:\/\/waardevolding.nl\/wp-content\/uploads\/2025\/07\/Productfotos-uitgelichte-foto-620x620-101-200-nieuw-150x150.png 150w, https:\/\/waardevolding.nl\/wp-content\/uploads\/2025\/07\/Productfotos-uitgelichte-foto-620x620-101-200-nieuw-12x12.png 12w, https:\/\/waardevolding.nl\/wp-content\/uploads\/2025\/07\/Productfotos-uitgelichte-foto-620x620-101-200-nieuw-80x80.png 80w\" sizes=\"(max-width: 620px) 100vw, 620px\" \/>\t\t\t\t\t\t\t\t\t\t\t\t\t\t\t<\/div>\n\t\t\t\t<\/div>\n\t\t\t\t<div class=\"elementor-element elementor-element-8d76c44 elementor-widget elementor-widget-image\" data-id=\"8d76c44\" data-element_type=\"widget\" data-e-type=\"widget\" data-widget_type=\"image.default\">\n\t\t\t\t<div class=\"elementor-widget-container\">\n\t\t\t\t\t\t\t\t\t\t\t\t\t\t\t<img loading=\"lazy\" decoding=\"async\" width=\"707\" height=\"1000\" src=\"https:\/\/waardevolding.nl\/wp-content\/uploads\/2025\/07\/Pharrell.png\" class=\"attachment-large size-large wp-image-12002\" alt=\"Waardevol d&#039;Ing | taxatie | advies | tassenrestauratie | tassenreparatie | vintage | blog | Herm\u00e8s | Birkin tas veiling |designertassen | investering\" srcset=\"https:\/\/waardevolding.nl\/wp-content\/uploads\/2025\/07\/Pharrell.png 707w, https:\/\/waardevolding.nl\/wp-content\/uploads\/2025\/07\/Pharrell-212x300.png 212w, https:\/\/waardevolding.nl\/wp-content\/uploads\/2025\/07\/Pharrell-8x12.png 8w\" sizes=\"(max-width: 707px) 100vw, 707px\" \/>\t\t\t\t\t\t\t\t\t\t\t\t\t\t\t<\/div>\n\t\t\t\t<\/div>\n\t\t\t\t<div class=\"elementor-element elementor-element-ea87ba4 elementor-widget elementor-widget-image\" data-id=\"ea87ba4\" data-element_type=\"widget\" data-e-type=\"widget\" data-widget_type=\"image.default\">\n\t\t\t\t<div class=\"elementor-widget-container\">\n\t\t\t\t\t\t\t\t\t\t\t\t\t\t\t<img loading=\"lazy\" decoding=\"async\" width=\"474\" height=\"474\" src=\"https:\/\/waardevolding.nl\/wp-content\/uploads\/2025\/07\/Himalaya-Niloticus-Crocodile-Birkin.jpeg\" class=\"attachment-large size-large wp-image-12001\" alt=\"Waardevol d&#039;Ing | taxatie | advies | tassenrestauratie | tassenreparatie | vintage | blog | Herm\u00e8s | Birkin tas veiling |designertassen | investering\" srcset=\"https:\/\/waardevolding.nl\/wp-content\/uploads\/2025\/07\/Himalaya-Niloticus-Crocodile-Birkin.jpeg 474w, https:\/\/waardevolding.nl\/wp-content\/uploads\/2025\/07\/Himalaya-Niloticus-Crocodile-Birkin-300x300.jpeg 300w, https:\/\/waardevolding.nl\/wp-content\/uploads\/2025\/07\/Himalaya-Niloticus-Crocodile-Birkin-150x150.jpeg 150w, https:\/\/waardevolding.nl\/wp-content\/uploads\/2025\/07\/Himalaya-Niloticus-Crocodile-Birkin-12x12.jpeg 12w, https:\/\/waardevolding.nl\/wp-content\/uploads\/2025\/07\/Himalaya-Niloticus-Crocodile-Birkin-80x80.jpeg 80w\" sizes=\"(max-width: 474px) 100vw, 474px\" \/>\t\t\t\t\t\t\t\t\t\t\t\t\t\t\t<\/div>\n\t\t\t\t<\/div>\n\t\t\t\t\t<\/div>\n\t\t\t\t<\/div>\n\t\t<div class=\"elementor-element elementor-element-ba22fb9 e-flex e-con-boxed e-con e-parent\" data-id=\"ba22fb9\" data-element_type=\"container\" data-e-type=\"container\">\n\t\t\t\t\t<div class=\"e-con-inner\">\n\t\t\t\t<div class=\"elementor-element elementor-element-085ebd5 elementor-widget elementor-widget-text-editor\" data-id=\"085ebd5\" data-element_type=\"widget\" data-e-type=\"widget\" data-widget_type=\"text-editor.default\">\n\t\t\t\t<div class=\"elementor-widget-container\">\n\t\t\t\t\t\t\t\t\t<p>V.l.n.r.: 1. <span style=\"font-size: 12px;\">de <span class=\"relative -mx-px my-[-0.2rem] rounded px-px py-[0.2rem] transition-colors duration-100 ease-in-out\">Chanel Diamond Forever 2.55, het duurste individuele Chanel-stuk ooit geveild ($261.000) met 334 diamantjes en een wit-witgouden structuur<\/span> 2. de Louis\u202fVuitton Speedy \u201cMillionaire\u201d tas \u2013 ontworpen door Pharrell Williams en in 2023 gelanceerd in 2023 voor ca. \u20ac1 miljoen 3. de Himalaya Niloticus Crocodile Birkin.<\/span><\/p>\t\t\t\t\t\t\t\t<\/div>\n\t\t\t\t<\/div>\n\t\t\t\t<div class=\"elementor-element elementor-element-758b2b4 elementor-widget elementor-widget-spacer\" data-id=\"758b2b4\" data-element_type=\"widget\" data-e-type=\"widget\" data-widget_type=\"spacer.default\">\n\t\t\t\t<div class=\"elementor-widget-container\">\n\t\t\t\t\t\t\t<div class=\"elementor-spacer\">\n\t\t\t<div class=\"elementor-spacer-inner\"><\/div>\n\t\t<\/div>\n\t\t\t\t\t\t<\/div>\n\t\t\t\t<\/div>\n\t\t\t\t\t<\/div>\n\t\t\t\t<\/div>\n\t\t\t\t<\/div>\n\t\t","protected":false},"excerpt":{"rendered":"<p>A Legend Finds a New Owner On July 10, 2025, the very first Birkin bag, custom-made for Jane Birkin in 1984, went up for auction at Sotheby's in Paris. After an intense ten-minute bidding war, the bag sold to a private Japanese collector for \u20ac7 million (approximately $10.1 million including fees), making it the most expensive handbag ever.<\/p>","protected":false},"author":1,"featured_media":12006,"comment_status":"closed","ping_status":"closed","sticky":false,"template":"","format":"standard","meta":{"om_disable_all_campaigns":false,"_monsterinsights_skip_tracking":false,"_monsterinsights_sitenote_active":false,"_monsterinsights_sitenote_note":"","_monsterinsights_sitenote_category":0,"footnotes":""},"categories":[66],"tags":[43,105,42,408,138,46,291,144],"class_list":["post-11967","post","type-post","status-publish","format-standard","has-post-thumbnail","hentry","category-blog","tag-birkin","tag-handtas","tag-hermes","tag-investering","tag-tassen","tag-taxatie","tag-veiling","tag-vintage"],"aioseo_notices":[],"_links":{"self":[{"href":"https:\/\/waardevolding.nl\/en\/wp-json\/wp\/v2\/posts\/11967","targetHints":{"allow":["GET"]}}],"collection":[{"href":"https:\/\/waardevolding.nl\/en\/wp-json\/wp\/v2\/posts"}],"about":[{"href":"https:\/\/waardevolding.nl\/en\/wp-json\/wp\/v2\/types\/post"}],"author":[{"embeddable":true,"href":"https:\/\/waardevolding.nl\/en\/wp-json\/wp\/v2\/users\/1"}],"replies":[{"embeddable":true,"href":"https:\/\/waardevolding.nl\/en\/wp-json\/wp\/v2\/comments?post=11967"}],"version-history":[{"count":26,"href":"https:\/\/waardevolding.nl\/en\/wp-json\/wp\/v2\/posts\/11967\/revisions"}],"predecessor-version":[{"id":12025,"href":"https:\/\/waardevolding.nl\/en\/wp-json\/wp\/v2\/posts\/11967\/revisions\/12025"}],"wp:featuredmedia":[{"embeddable":true,"href":"https:\/\/waardevolding.nl\/en\/wp-json\/wp\/v2\/media\/12006"}],"wp:attachment":[{"href":"https:\/\/waardevolding.nl\/en\/wp-json\/wp\/v2\/media?parent=11967"}],"wp:term":[{"taxonomy":"category","embeddable":true,"href":"https:\/\/waardevolding.nl\/en\/wp-json\/wp\/v2\/categories?post=11967"},{"taxonomy":"post_tag","embeddable":true,"href":"https:\/\/waardevolding.nl\/en\/wp-json\/wp\/v2\/tags?post=11967"}],"curies":[{"name":"wp","href":"https:\/\/api.w.org\/{rel}","templated":true}]}}